{"id":15872,"date":"2025-10-28T08:06:18","date_gmt":"2025-10-28T08:06:18","guid":{"rendered":"https:\/\/omidradio.com\/en\/?p=15872"},"modified":"2025-10-28T08:06:19","modified_gmt":"2025-10-28T08:06:19","slug":"6-1-magnitude-earthquake-shakes-nearly-10-cities-in-turkey","status":"publish","type":"post","link":"https:\/\/omidradio.com\/en\/2025\/10\/28\/6-1-magnitude-earthquake-shakes-nearly-10-cities-in-turkey\/","title":{"rendered":"6.1 magnitude earthquake shakes nearly 10 cities in Turkey"},"content":{"rendered":"\n<p>KABUL: A 6.1 magnitude earthquake has struck not only the city of Bal\u0131kesir but also Izmir, Bursa, Istanbul, Tekirda\u011f, Kocaeli, and Sakarya, as well as the Marmara and Aegean regions of the country.<\/p>\n\n\n\n<p>Anadolu News Agency reported that the earthquake occurred at 10:48 PM local time on Monday.<\/p>\n\n\n\n<p>Ali Yerlikaya, the Turkish Minister of Interior, stated that in this natural disaster, three non-residential buildings and a two-story shop were completely destroyed, but no casualties have been reported from the affected areas so far.<\/p>\n\n\n\n<p>Mr. Yerlikaya noted that the buildings that collapsed had already been damaged in a previous earthquake and were currently unoccupied.<\/p>\n\n\n\n<p>The Minister emphasized that two individuals were injured due to panic caused by the earthquake while jumping from a building.<\/p>\n\n\n\n<p>He also reported power outages in some earthquake-stricken areas but added that work teams are already deployed to restore electricity.<\/p>\n\n\n\n<p>According to the Disaster and Emergency Management Authority of Turkey (AFAD), the earthquake occurred at a depth of 5.99 kilometers.<\/p>\n\n\n\n<p>The epicenter of the earthquake has been identified as the &#8220;S\u0131nd\u0131rg\u0131&#8221; district in Bal\u0131kesir&nbsp;Province.<\/p>\n","protected":false},"excerpt":{"rendered":"<p>KABUL: A 6.1 magnitude earthquake has struck not only the city of Bal\u0131kesir but also Izmir, Bursa, Istanbul, Tekirda\u011f, Kocaeli, and Sakarya, as well as the Marmara and Aegean regions of the country. Anadolu News Agency reported that the earthquake occurred at 10:48 PM local time on Monday. Ali Yerlikaya, the Turkish Minister of Interior, [&hellip;]<\/p>\n","protected":false},"author":3,"featured_media":15873,"comment_status":"open","ping_status":"open","sticky":false,"template":"","format":"standard","meta":[],"categories":[73],"tags":[],"_links":{"self":[{"href":"https:\/\/omidradio.com\/en\/wp-json\/wp\/v2\/posts\/15872"}],"collection":[{"href":"https:\/\/omidradio.com\/en\/wp-json\/wp\/v2\/posts"}],"about":[{"href":"https:\/\/omidradio.com\/en\/wp-json\/wp\/v2\/types\/post"}],"author":[{"embeddable":true,"href":"https:\/\/omidradio.com\/en\/wp-json\/wp\/v2\/users\/3"}],"replies":[{"embeddable":true,"href":"https:\/\/omidradio.com\/en\/wp-json\/wp\/v2\/comments?post=15872"}],"version-history":[{"count":1,"href":"https:\/\/omidradio.com\/en\/wp-json\/wp\/v2\/posts\/15872\/revisions"}],"predecessor-version":[{"id":15874,"href":"https:\/\/omidradio.com\/en\/wp-json\/wp\/v2\/posts\/15872\/revisions\/15874"}],"wp:featuredmedia":[{"embeddable":true,"href":"https:\/\/omidradio.com\/en\/wp-json\/wp\/v2\/media\/15873"}],"wp:attachment":[{"href":"https:\/\/omidradio.com\/en\/wp-json\/wp\/v2\/media?parent=15872"}],"wp:term":[{"taxonomy":"category","embeddable":true,"href":"https:\/\/omidradio.com\/en\/wp-json\/wp\/v2\/categories?post=15872"},{"taxonomy":"post_tag","embeddable":true,"href":"https:\/\/omidradio.com\/en\/wp-json\/wp\/v2\/tags?post=15872"}],"curies":[{"name":"wp","href":"https:\/\/api.w.org\/{rel}","templated":true}]}}